{"id":529,"date":"2023-12-16T06:44:49","date_gmt":"2023-12-16T05:44:49","guid":{"rendered":"https:\/\/naturns.com\/?p=529"},"modified":"2023-12-16T07:43:33","modified_gmt":"2023-12-16T06:43:33","slug":"avvento-a-naturns-i-tradizionali-mercatini-di-natale-in-sudtirolo","status":"publish","type":"post","link":"https:\/\/naturns.com\/it\/advent-in-naturns-die-traditionellen-weihnachtsmaerkte-suedtirol\/","title":{"rendered":"La magia dell'Avvento a Naturno: uno sguardo ai tradizionali mercatini di Natale in Alto Adige"},"content":{"rendered":"<p>[et_pb_section fb_built=&#8220;1&#8243; admin_label=&#8220;section&#8220; _builder_version=&#8220;4.16&#8243; global_colors_info=&#8220;{}&#8220;][et_pb_row admin_label=&#8220;row&#8220; _builder_version=&#8220;4.16&#8243; background_size=&#8220;initial&#8220; background_position=&#8220;top_left&#8220; background_repeat=&#8220;repeat&#8220; global_colors_info=&#8220;{}&#8220;][et_pb_column type=&#8220;4_4&#8243; _builder_version=&#8220;4.16&#8243; custom_padding=&#8220;|||&#8220; global_colors_info=&#8220;{}&#8220; custom_padding__hover=&#8220;|||&#8220;][et_pb_text _builder_version=&#8220;4.23.1&#8243; _module_preset=&#8220;default&#8220; hover_enabled=&#8220;0&#8243; global_colors_info=&#8220;{}&#8220; sticky_enabled=&#8220;0&#8243;]<\/p>\n<h1><strong>Adventszeit in Naturns und Umgebung: Ein Fest der Lichter und M\u00e4rkte<\/strong><\/h1>\n<p>Die Adventszeit in Naturns, im Herzen S\u00fcdtirols, ist eine Zeit der Stille und Besinnlichkeit, aber auch der festlichen Freude. Umgeben von der malerischen Landschaft der Alpen, erstrahlt die Region in festlichem Glanz. Dieser Blogartikel nimmt Sie mit auf eine Entdeckungsreise zu den Weihnachtsm\u00e4rkten in der Umgebung von Naturns, die mit ihrer besonderen Atmosph\u00e4re und traditionellen Angeboten verzaubern.<\/p>\n<h3><strong>Meraner Christkindlmarkt<\/strong><\/h3>\n<p>Einer der H\u00f6hepunkte in der Region ist der Meraner Christkindlmarkt, der vom 24. November 2023 bis zum 6. Januar 2024 stattfindet. Der Markt, der am 25. Dezember geschlossen bleibt, bietet eine Vielzahl von St\u00e4nden mit Kunsthandwerk und kulinarischen Gen\u00fcssen. Die Gastronomiest\u00e4nde haben sonntags bis donnerstags von 10:00 bis 21:00 Uhr und freitags, samstags sowie an Feiertagen bis 22:30 Uhr ge\u00f6ffnet. Die Handelsst\u00e4nde sind montags bis donnerstags von 11:00 bis 19:00 Uhr und freitags, samstags sowie an Feiertagen von 10:00 bis 20:00 Uhr ge\u00f6ffnet\u200b.<\/p>\n<h3><strong>Algunder Christkindlmarkt<\/strong><\/h3>\n<p>In Algund, unweit von Meran, findet der Algunder Christkindlmarkt statt. Vom 1. Dezember 2023 bis zum 1. Januar 2024 k\u00f6nnen Besucher freitags von 14:30 bis 18:30 Uhr und samstags sowie sonntags von 10:00 bis 18:30 Uhr den Markt erkunden. Am 24. und 31. Dezember ist der Markt von 10:00 bis 14:00 Uhr ge\u00f6ffnet, am 25. Dezember bleibt er geschlossen. Dieser Markt bietet eine ruhigere, besinnlichere Atmosph\u00e4re und ist besonders familienfreundlich mit Angeboten wie einem Schlittschuhplatz und einem Streichelzoo f\u00fcr Kinder\u200b.<\/p>\n<h3><strong>Sterntaler \u2013 Weihnachtsmarkt in Lana<\/strong><\/h3>\n<p>Ein weiteres Highlight ist der Sterntaler-Weihnachtsmarkt in Lana. Dieser Markt \u00f6ffnet an verschiedenen Wochenenden im Dezember: vom 1. bis 3. Dezember, am 5. Dezember, vom 8. bis 10. Dezember, vom 15. bis 17. Dezember und vom 22. bis 24. Dezember. Ein spezielles Silvester-Event findet am 31. Dezember statt. Der Markt bietet typische S\u00fcdtiroler Produkte und ein breites Angebot f\u00fcr den Gaumen sowie ein abwechslungsreiches Rahmenprogramm in den historischen H\u00f6fen und Ansitzen im Ortszentrum\u200b.<\/p>\n<h3><strong>Fazit: Ein Advent voller Entdeckungen<\/strong><\/h3>\n<p>Die Adventszeit in Naturns und seiner Umgebung bietet eine wunderbare Mischung aus traditionellen Weihnachtsm\u00e4rkten, kulturellen Veranstaltungen und nat\u00fcrlicher Sch\u00f6nheit. Ein Besuch dieser M\u00e4rkte ist nicht nur eine Gelegenheit, einzigartige Geschenke zu finden, sondern auch, die lokale Kultur und Gastfreundschaft zu erleben. Von der festlichen Stimmung auf den M\u00e4rkten bis hin zu den verschneiten Berglandschaften bietet die Region eine perfekte Kulisse f\u00fcr einen unvergesslichen Advent.<\/p>\n<p>[\/et_pb_text][\/et_pb_column][\/et_pb_row][\/et_pb_section]<\/p>\n","protected":false},"excerpt":{"rendered":"<p>Adventszeit in Naturns und Umgebung: Ein Fest der Lichter und M\u00e4rkte Die Adventszeit in Naturns, im Herzen S\u00fcdtirols, ist eine Zeit der Stille und Besinnlichkeit, aber auch der festlichen Freude. Umgeben von der malerischen Landschaft der Alpen, erstrahlt die Region in festlichem Glanz. Dieser Blogartikel nimmt Sie mit auf eine Entdeckungsreise zu den Weihnachtsm\u00e4rkten in [&hellip;]<\/p>\n","protected":false},"author":1,"featured_media":532,"comment_status":"open","ping_status":"open","sticky":false,"template":"","format":"standard","meta":{"_et_pb_use_builder":"on","_et_pb_old_content":"","_et_gb_content_width":"","_monsterinsights_skip_tracking":false,"_monsterinsights_sitenote_active":false,"_monsterinsights_sitenote_note":"","_monsterinsights_sitenote_category":0,"iawp_total_views":371,"footnotes":""},"categories":[11,1],"tags":[],"class_list":["post-529","post","type-post","status-publish","format-standard","has-post-thumbnail","hentry","category-genuss","category-kultur"],"_links":{"self":[{"href":"https:\/\/naturns.com\/it\/wp-json\/wp\/v2\/posts\/529","targetHints":{"allow":["GET"]}}],"collection":[{"href":"https:\/\/naturns.com\/it\/wp-json\/wp\/v2\/posts"}],"about":[{"href":"https:\/\/naturns.com\/it\/wp-json\/wp\/v2\/types\/post"}],"author":[{"embeddable":true,"href":"https:\/\/naturns.com\/it\/wp-json\/wp\/v2\/users\/1"}],"replies":[{"embeddable":true,"href":"https:\/\/naturns.com\/it\/wp-json\/wp\/v2\/comments?post=529"}],"version-history":[{"count":9,"href":"https:\/\/naturns.com\/it\/wp-json\/wp\/v2\/posts\/529\/revisions"}],"predecessor-version":[{"id":549,"href":"https:\/\/naturns.com\/it\/wp-json\/wp\/v2\/posts\/529\/revisions\/549"}],"wp:featuredmedia":[{"embeddable":true,"href":"https:\/\/naturns.com\/it\/wp-json\/wp\/v2\/media\/532"}],"wp:attachment":[{"href":"https:\/\/naturns.com\/it\/wp-json\/wp\/v2\/media?parent=529"}],"wp:term":[{"taxonomy":"category","embeddable":true,"href":"https:\/\/naturns.com\/it\/wp-json\/wp\/v2\/categories?post=529"},{"taxonomy":"post_tag","embeddable":true,"href":"https:\/\/naturns.com\/it\/wp-json\/wp\/v2\/tags?post=529"}],"curies":[{"name":"wp","href":"https:\/\/api.w.org\/{rel}","templated":true}]}}